[{"@context":"https:\/\/schema.org\/","@type":"Article","@id":"https:\/\/www.uspchrlice.cz\/najdete-svuj-vlastni-styl\/#Article","mainEntityOfPage":"https:\/\/www.uspchrlice.cz\/najdete-svuj-vlastni-styl\/","headline":"Najd\u011bte sv\u016fj vlastn\u00ed styl!","name":"Najd\u011bte sv\u016fj vlastn\u00ed styl!","description":"Pokud si po\u0159\u00e1dn\u011b prohl\u00e9dnete sv\u016fj \u0161atn\u00edk, ur\u010dit\u011b v n\u011bm objev\u00edte p\u00e1r kousk\u016f, kter\u00e9 tam jen vis\u00ed a st\u00e1le \u010dekaj\u00ed na svou p\u0159\u00edle\u017eitost. V\u00e1m je sice&hellip;","datePublished":"2023-05-05","dateModified":"2023-05-05","author":{"@type":"Person","@id":"https:\/\/www.uspchrlice.cz\/author\/#Person","name":"","url":"https:\/\/www.uspchrlice.cz\/author\/","identifier":1,"image":{"@type":"ImageObject","@id":"https:\/\/secure.gravatar.com\/avatar\/9cac53ffad5d6e0659d72eaf216400c165f8fbf396c79017c66698a8aa5be23d?s=96&d=mm&r=g","url":"https:\/\/secure.gravatar.com\/avatar\/9cac53ffad5d6e0659d72eaf216400c165f8fbf396c79017c66698a8aa5be23d?s=96&d=mm&r=g","height":96,"width":96}},"publisher":{"@type":"Organization","name":"uspchrlice.cz","logo":{"@type":"ImageObject","@id":"\/logo.png","url":"\/logo.png","width":600,"height":60}},"image":{"@type":"ImageObject","@id":"https:\/\/www.uspchrlice.cz\/wp-content\/uploads\/img_a308777_w1791_t1519832554.jpg","url":"https:\/\/www.uspchrlice.cz\/wp-content\/uploads\/img_a308777_w1791_t1519832554.jpg","height":0,"width":0},"url":"https:\/\/www.uspchrlice.cz\/najdete-svuj-vlastni-styl\/","wordCount":461,"articleBody":" Pokud si po\u0159\u00e1dn\u011b prohl\u00e9dnete sv\u016fj \u0161atn\u00edk, ur\u010dit\u011b v n\u011bm objev\u00edte p\u00e1r kousk\u016f, kter\u00e9 tam jen vis\u00ed a st\u00e1le \u010dekaj\u00ed na svou p\u0159\u00edle\u017eitost. V\u00e1m je sice l\u00edto je vyhodit, ale v koutku du\u0161e tu\u0161\u00edte, \u017ee si je stejn\u011b nikdy neobl\u00e9knete, proto\u017ee V\u00e1m zkr\u00e1tka neslu\u0161\u00ed. D\u016fvod\u016f, pro\u010d n\u00e1m n\u011bjak\u00fd kousek oble\u010den\u00ed, i kdyby byl s\u00e1m o sob\u011b kr\u00e1sn\u00fd, nesed\u00ed, je cel\u00e1 \u0159ada. Tak zaprv\u00e9, jste si mohla kdysi koupit \u0161patnou velikost oble\u010den\u00ed. Po t\u00e9 men\u0161\u00ed v\u011bt\u0161inou s\u00e1hneme s v\u00edrou, \u017ee n\u011bjak\u00e9 to kilo shod\u00edme a realita je bohu\u017eel v\u011bt\u0161inou opa\u010dn\u00e1 a my se v upnut\u00e9m modelu nikdy nebudeme c\u00edtit p\u0159\u00edjemn\u011b. Zadruh\u00e9 se n\u00e1m \u010dasto stane, \u017ee koup\u00edme \u0161aty, kter\u00e9 n\u00e1m sice n\u00e1dhern\u011b sed\u00ed, ale kdy\u017e je pak na sebe obl\u00e9kneme v b\u011b\u017en\u00e9m denn\u00edm sv\u011btle, zjist\u00edme, \u017ee barevn\u011b se k n\u00e1m v\u016fbec nehod\u00ed. \u017dena by m\u011bla v\u011bd\u011bt, jak\u00e9 barvy a st\u0159ihy \u010di materi\u00e1ly ji slu\u0161\u00ed, jen tak nem\u016f\u017ee p\u0159i n\u00e1kupech \u0161l\u00e1pnout vedle.  Zv\u00fdrazn\u011bte svou kr\u00e1su Pokud se p\u0159\u00ed\u0161t\u011b rozhodnete po\u0159\u00eddit si nov\u00fd kousek do sv\u00e9ho \u0161atn\u00edku, myslete na to, \u017ee j\u00edm chcete podtrhnout svou p\u0159irozenou kr\u00e1su a ne ji naopak \u0161kodit. Podv\u011bdom\u011b to samoz\u0159ejm\u011b p\u0159i n\u00e1kupu \u0159e\u0161\u00edte, je jasn\u00e9, \u017ee si nechcete koupit n\u011bco, co V\u00e1m nebude slu\u0161et. Ale do jak\u00e9 m\u00edry to \u0159e\u0161\u00edte v\u011bdom\u011b, p\u0159em\u00fd\u0161l\u00edte o tom, zda v\u00e1m n\u011bkter\u00e9 barvy slu\u0161\u00ed a po jak\u00e9m st\u0159ihu byste se m\u011bla v obchodech porozhl\u00e9dnout, abyste sv\u00e9mu t\u011blu pomohla zv\u00fdraznit ty spr\u00e1vn\u00e9 proporce? Zamyslete se nad t\u00edm, jak\u00e9 oble\u010den\u00ed nos\u00edte a co toto oble\u010den\u00ed o v\u00e1s vypov\u00edd\u00e1.  Definujte sv\u016fj styl Ve sv\u00e9m rozj\u00edm\u00e1n\u00ed byste m\u011bli dosp\u011bt k tomu, \u017ee budete nosit pouze oble\u010den\u00ed, kter\u00e9 V\u00e1m slu\u0161\u00ed, l\u00edb\u00ed se V\u00e1m a n\u011bco o V\u00e1s vypov\u00edd\u00e1. St\u00e1le plat\u00ed star\u00e1 moudrost, \u017ee \u0161aty d\u011blaj\u00ed \u010dlov\u011bka. Uv\u011bdomte si, jak\u00fdm stylem chcete, aby se V\u00e1\u0161 \u0161atn\u00edk vyv\u00edjel, aby u\u017e nebyl sm\u011bskou naprosto rozli\u010dn\u00fdch kousk\u016f. V\u0161e se samoz\u0159ejm\u011b odv\u00edj\u00ed od toho, jak\u00fd vedete styl \u017eivota, v jak\u00e9 \u017eivotn\u00ed f\u00e1zi se zrovna nach\u00e1z\u00edte. \u0160atn\u00edk maminky na mate\u0159sk\u00e9 dovolen\u00e9 bude pravd\u011bpodobn\u011b zcela odli\u0161n\u00fd od \u017eeny v mana\u017eersk\u00e9 pozici.                                                                                                                                                                                                                                                                                                                                                                                         3.9\/5 - (11 votes)        "},{"@context":"https:\/\/schema.org\/","@type":"BreadcrumbList","itemListElement":[{"@type":"ListItem","position":1,"name":"Najd\u011bte sv\u016fj vlastn\u00ed styl!","item":"https:\/\/www.uspchrlice.cz\/najdete-svuj-vlastni-styl\/#breadcrumbitem"}]}]