[{"@context":"https:\/\/schema.org\/","@type":"Article","@id":"https:\/\/www.uspchrlice.cz\/nejzajimavejsi-sportovni-akce-v-cr\/#Article","mainEntityOfPage":"https:\/\/www.uspchrlice.cz\/nejzajimavejsi-sportovni-akce-v-cr\/","headline":"Nejzaj\u00edmav\u011bj\u0161\u00ed sportovn\u00ed akce v \u010cR","name":"Nejzaj\u00edmav\u011bj\u0161\u00ed sportovn\u00ed akce v \u010cR","description":"A\u0165 u\u017e prosed\u00edte cel\u00e9 dny u po\u010d\u00edta\u010de, ka\u017ed\u00fd den chod\u00edte sportovat, nebo si ob\u010das jen tak zacvi\u010d\u00edte, rozhodn\u011b byste m\u011bli alespo\u0148 jednou nav\u0161t\u00edvit n\u011bjakou sportovn\u00ed&hellip;","datePublished":"2019-06-12","dateModified":"2023-05-05","author":{"@type":"Person","@id":"https:\/\/www.uspchrlice.cz\/author\/#Person","name":"","url":"https:\/\/www.uspchrlice.cz\/author\/","identifier":1,"image":{"@type":"ImageObject","@id":"https:\/\/secure.gravatar.com\/avatar\/9cac53ffad5d6e0659d72eaf216400c165f8fbf396c79017c66698a8aa5be23d?s=96&d=mm&r=g","url":"https:\/\/secure.gravatar.com\/avatar\/9cac53ffad5d6e0659d72eaf216400c165f8fbf396c79017c66698a8aa5be23d?s=96&d=mm&r=g","height":96,"width":96}},"publisher":{"@type":"Organization","name":"uspchrlice.cz","logo":{"@type":"ImageObject","@id":"\/logo.png","url":"\/logo.png","width":600,"height":60}},"image":{"@type":"ImageObject","@id":"https:\/\/www.uspchrlice.cz\/wp-content\/uploads\/img_a348061_w2603_t1562507944.jpg","url":"https:\/\/www.uspchrlice.cz\/wp-content\/uploads\/img_a348061_w2603_t1562507944.jpg","height":0,"width":0},"url":"https:\/\/www.uspchrlice.cz\/nejzajimavejsi-sportovni-akce-v-cr\/","about":["Sport"],"wordCount":446,"articleBody":"A\u0165 u\u017e prosed\u00edte cel\u00e9 dny u po\u010d\u00edta\u010de, ka\u017ed\u00fd den chod\u00edte sportovat, nebo si ob\u010das jen tak zacvi\u010d\u00edte, rozhodn\u011b byste m\u011bli alespo\u0148 jednou nav\u0161t\u00edvit n\u011bjakou sportovn\u00ed akci. B\u011bhem nich nen\u00ed tak podstatn\u00e9, kolik zvl\u00e1dnete ub\u011bhnout, pokud za t\u00edmto c\u00edlem p\u0159\u00edmo nejdete. Sta\u010d\u00ed, \u017ee zkus\u00edte sv\u00e9 mo\u017enosti a \u017ee v\u00e1s takov\u00e1 akce bude bavit.&#13; &#13;  &#13; &#13; Color run&#13; &#13; Color run se do\u010dkal opravdov\u00e9 obl\u00edbenosti, obzvl\u00e1\u0161\u0165 d\u00edky barv\u00e1m a uvoln\u011bnosti. B\u011bh m\u00e1 5 km a b\u011bhem n\u011bj v\u00e1s \u010dek\u00e1 n\u011bkolik stanovi\u0161\u0165, kde na v\u00e1s \u010dekaj\u00ed dobrovoln\u00edci s barvami a h\u00e1z\u00ed je na v\u00e1s. V\u00fdhodou tohoto b\u011bhu je i to, \u017ee jej mnoho lid\u00ed neb\u011bh\u00e1, co\u017e je na jednu stranu \u0161koda, jeliko\u017e je dobr\u00e9 si zkusit ub\u011bhnout alespo\u0148 kilometr, ale hlavn\u011b v\u00e1s nikdo nenut\u00ed jej cel\u00fd ub\u011bhnout. M\u016f\u017eete polovinu trasy proj\u00edt ch\u016fz\u00ed, nebo zvolit tempo, kter\u00e9 v\u00e1m vyhovuje. D\u00edky obl\u00edbenosti za\u010dal barevn\u00fd b\u011bh vznikat i v jin\u00fdch m\u011bstech.&#13; &#13;  &#13; &#13; AVON b\u011bh&#13; &#13; Pokud tou\u017e\u00edte podpo\u0159it spr\u00e1vnou v\u011bc, v r\u00e1mci Night run, kter\u00fd se b\u011b\u017e\u00ed v n\u011bkolika m\u011bstech republiky, m\u016f\u017eete b\u011b\u017eet 5 km dlouh\u00fd b\u011bh, kter\u00fd vstupn\u00e9 v\u011bnuje na boj proti rakovin\u011b prsu. Za vstup d\u00e1te 100 k\u010d a posledn\u00ed b\u011bh prob\u011bhne v \u0159\u00edjnu v Olomouci.&#13; &#13;  &#13; &#13; Mattoni 1\/2maraton Karlovy Vary&#13; &#13; P\u016flmaratony se tak\u00e9 b\u011b\u017e\u00ed po cel\u00e9 republice. Tento je proslul\u00fd n\u00e1v\u0161t\u011bvami b\u011b\u017ec\u016f ze zahrani\u010d\u00ed a zn\u00e1m\u00fdch osobnost\u00ed. B\u011bh m\u00e1 21 kilometr\u016f, m\u016f\u017eete se v\u0161ak \u00fa\u010dastnit \u0161tafetov\u00e9ho b\u011bhu v po\u010dtu \u010dty\u0159 b\u011b\u017ec\u016f, nebo dm rodinn\u00e9ho b\u011bhu s d\u00e9lkou 3 kilometry.&#13; &#13;  &#13; &#13; Bah\u0148\u00e1k&#13; &#13; Aby se tu neobjevovaly jen a pouze b\u011b\u017eeck\u00e9 ud\u00e1losti, je t\u0159eba zm\u00ednit stejn\u011b d\u016fle\u017eitou akci. Jedn\u00e1 se o extr\u00e9mn\u00ed p\u0159ek\u00e1\u017ekov\u00fd z\u00e1vod, kter\u00fd byl p\u016fvodn\u011b zalo\u017een hasi\u010di. Odehr\u00e1v\u00e1 se v Sokolov\u011b a dnes je z p\u016fvodn\u00ed sout\u011b\u017ee o nejtvrd\u0161\u00edho hasi\u010de velk\u00e1 akce s bohat\u00fdm programem. M\u016f\u017eete se \u00fa\u010dastnit jedn\u00e9 z kategori\u00ed, nebo no\u010dn\u00edho sprintu, kter\u00fd spad\u00e1 do programu prvn\u00edho dne.&#13; &#13;  &#13; &#13; \u0160koda cup&#13; &#13; A pokud jste v\u00e1\u0161niv\u00fdmi cyklisty, m\u016f\u017eete zvolit nap\u0159\u00edklad z\u00e1vod v silni\u010dn\u00ed cyklistice. Tato sout\u011b\u017e pom\u00e1h\u00e1 ur\u010dovat z\u00e1vodn\u00edky (zejm\u00e9na u \u00fa\u010dastn\u00edk\u016f do 23 let), kte\u0159\u00ed n\u00e1sledn\u011b budou usilovat o v\u00edt\u011bzn\u00e9 pozice na mistrovstv\u00edch sv\u011bta \u010di Evropy.&#13;                                                                                                                                                                                                                                                                                                                                                                                         4.4\/5 - (16 votes)        "},{"@context":"https:\/\/schema.org\/","@type":"BreadcrumbList","itemListElement":[{"@type":"ListItem","position":1,"name":"Nejzaj\u00edmav\u011bj\u0161\u00ed sportovn\u00ed akce v \u010cR","item":"https:\/\/www.uspchrlice.cz\/nejzajimavejsi-sportovni-akce-v-cr\/#breadcrumbitem"}]}]