[{"@context":"https:\/\/schema.org\/","@type":"Article","@id":"https:\/\/www.uspchrlice.cz\/obyvaci-steny-a-sestavy-za-vyborne-ceny\/#Article","mainEntityOfPage":"https:\/\/www.uspchrlice.cz\/obyvaci-steny-a-sestavy-za-vyborne-ceny\/","headline":"Ob\u00fdvac\u00ed st\u011bny a sestavy za v\u00fdborn\u00e9 ceny","name":"Ob\u00fdvac\u00ed st\u011bny a sestavy za v\u00fdborn\u00e9 ceny","description":"Ob\u00fdvac\u00ed st\u011bny a sestavy spl\u0148uj\u00ed v\u0161echna krit\u00e9ria pro dne\u0161n\u00ed popt\u00e1vku na trhu s n\u00e1bytkem. Prakti\u010dnost, design a dostupnou cenu. Mezi praktick\u00e9 vlastnosti pat\u0159\u00ed snadn\u00e1 \u00fadr\u017eba&hellip;","datePublished":"2025-03-17","dateModified":"2025-03-17","author":{"@type":"Person","@id":"https:\/\/www.uspchrlice.cz\/author\/#Person","name":"","url":"https:\/\/www.uspchrlice.cz\/author\/","identifier":1,"image":{"@type":"ImageObject","@id":"https:\/\/secure.gravatar.com\/avatar\/9cac53ffad5d6e0659d72eaf216400c165f8fbf396c79017c66698a8aa5be23d?s=96&d=mm&r=g","url":"https:\/\/secure.gravatar.com\/avatar\/9cac53ffad5d6e0659d72eaf216400c165f8fbf396c79017c66698a8aa5be23d?s=96&d=mm&r=g","height":96,"width":96}},"publisher":{"@type":"Organization","name":"uspchrlice.cz","logo":{"@type":"ImageObject","@id":"\/logo.png","url":"\/logo.png","width":600,"height":60}},"url":"https:\/\/www.uspchrlice.cz\/obyvaci-steny-a-sestavy-za-vyborne-ceny\/","wordCount":141,"articleBody":" Ob\u00fdvac\u00ed st\u011bny a sestavy spl\u0148uj\u00ed v\u0161echna krit\u00e9ria pro dne\u0161n\u00ed popt\u00e1vku na trhu s n\u00e1bytkem. Prakti\u010dnost, design a dostupnou cenu. Mezi praktick\u00e9 vlastnosti pat\u0159\u00ed snadn\u00e1 \u00fadr\u017eba d\u00edky materi\u00e1lu z LDT lamino desek, velmi \u017e\u00e1dan\u00fdch pro svou barevnou a des\u00e9novou variabilnost, pro svou tvrdost. P\u0159ejete si interi\u00e9r zateplit, z\u00fatulnit nebo opticky rozjasnit, v\u0161e se d\u00e1 zkombinovat vhodnn\u00fdm barevn\u00fdm a des\u00e9nov\u00fdm vyhotoven\u00edm. M\u016f\u017eete tak\u00e9 kombinovat jednotliv\u00e9 sestavy a jednotliv\u00e9 barevn\u00e9 proveden\u00ed. P\u0159edstavy bez hranic Navrhn\u011bte a za\u0159i\u010fte si V\u00e1\u0161 ob\u00fdvac\u00ed prostor dle va\u0161ich p\u0159edstav, kter\u00e9 nemus\u00edte omezovat rozpo\u010dtem, designem nebo rozm\u011brem. ob\u00fdvac\u00ed st\u011bny a sestavy budou va\u0161emu interi\u00e9ru d\u00e1vat pocit elegance a luxusu.                                                                                                                                                                                                                                                                                                                                                                                        4\/5 - (2 votes)        "},{"@context":"https:\/\/schema.org\/","@type":"BreadcrumbList","itemListElement":[{"@type":"ListItem","position":1,"name":"Ob\u00fdvac\u00ed st\u011bny a sestavy za v\u00fdborn\u00e9 ceny","item":"https:\/\/www.uspchrlice.cz\/obyvaci-steny-a-sestavy-za-vyborne-ceny\/#breadcrumbitem"}]}]