[{"@context":"https:\/\/schema.org\/","@type":"Article","@id":"https:\/\/www.uspchrlice.cz\/prece-byste-nechteli-deravy-usmev\/#Article","mainEntityOfPage":"https:\/\/www.uspchrlice.cz\/prece-byste-nechteli-deravy-usmev\/","headline":"P\u0159ece byste necht\u011bli d\u011brav\u00fd \u00fasm\u011bv","name":"P\u0159ece byste necht\u011bli d\u011brav\u00fd \u00fasm\u011bv","description":"V\u00edte, pro\u010d se n\u011bkte\u0159\u00ed lid\u00e9 neum\u00ed rozesm\u00e1t na cel\u00e9 kolo? Mnohdy to nen\u00ed ani t\u00edm, \u017ee se necht\u011bj\u00ed chovat nepat\u0159i\u010dn\u011b n\u00e1padn\u011b. Naopak, r\u00e1di by projevili&hellip;","datePublished":"2019-09-14","dateModified":"2023-05-05","author":{"@type":"Person","@id":"https:\/\/www.uspchrlice.cz\/author\/#Person","name":"","url":"https:\/\/www.uspchrlice.cz\/author\/","identifier":1,"image":{"@type":"ImageObject","@id":"https:\/\/secure.gravatar.com\/avatar\/9cac53ffad5d6e0659d72eaf216400c165f8fbf396c79017c66698a8aa5be23d?s=96&d=mm&r=g","url":"https:\/\/secure.gravatar.com\/avatar\/9cac53ffad5d6e0659d72eaf216400c165f8fbf396c79017c66698a8aa5be23d?s=96&d=mm&r=g","height":96,"width":96}},"publisher":{"@type":"Organization","name":"uspchrlice.cz","logo":{"@type":"ImageObject","@id":"\/logo.png","url":"\/logo.png","width":600,"height":60}},"image":{"@type":"ImageObject","@id":"https:\/\/www.uspchrlice.cz\/wp-content\/uploads\/img_a350101_w1778_t1564986052.jpg","url":"https:\/\/www.uspchrlice.cz\/wp-content\/uploads\/img_a350101_w1778_t1564986052.jpg","height":0,"width":0},"url":"https:\/\/www.uspchrlice.cz\/prece-byste-nechteli-deravy-usmev\/","about":["N\u00e1kupy"],"wordCount":456,"articleBody":"          V\u00edte, pro\u010d se n\u011bkte\u0159\u00ed lid\u00e9 neum\u00ed rozesm\u00e1t na cel\u00e9 kolo? Mnohdy to nen\u00ed ani t\u00edm, \u017ee se necht\u011bj\u00ed chovat nepat\u0159i\u010dn\u011b n\u00e1padn\u011b. Naopak, r\u00e1di by projevili nev\u0161edn\u00ed radost nep\u0159ehl\u00e9dnuteln\u00fdm sm\u00edchem. Jen\u017ee jim v up\u0159\u00edmn\u00e9m sm\u00edchu br\u00e1n\u00ed n\u011bco docela jin\u00e9ho.  D\u016fvod je V\u00e1m jasn\u00fd  A pr\u00e1v\u011b Vy mo\u017en\u00e1 tu pravou p\u0159\u00ed\u010dinu zn\u00e1te moc dob\u0159e. Proto\u017ee se pot\u00fdk\u00e1te i Vy s \u00fasm\u011bvem, kde chyb\u00ed zub. Je to tak? Nem\u00e1te toti\u017e odvahu k tomu, abyste si nechali vyrobit a posl\u00e9ze nasadit zubn\u00ed implant\u00e1ty v Liberci.  Jak\u00e1 ostuda, v\u00e1\u017een\u00ed! Co\u017epak jste mal\u00e9 d\u011bti, kter\u00e9 se d\u011bs\u00ed jak\u00e9hokoliv z\u00e1sahu do jejich t\u011bla, kter\u00fd notabene je jen ku prosp\u011bchu? Chcete snad m\u00edt d\u00edru mezi zuby nav\u011bky? A nav\u00edc se V\u00e1m ostatn\u00ed zuby rozestoup\u00ed a budete m\u00edt d\u011brav\u00fd \u00fasm\u011bv jednou prov\u017edy. A kdy\u017e se p\u0159idaj\u00ed dal\u0161\u00ed absence zub\u016f, to bude V\u00e1\u0161 \u00fasm\u011bv tedy vypadat! V\u00edte o tom, \u017ee se bez zubn\u00edch implant\u00e1t\u016f Liberec budete ostatn\u00edm jevit, jako bru\u010doun? A jako nevesel\u00fd \u010dlov\u011bk? No ano. Oni neznaj\u00ed p\u0159\u00ed\u010dinu Va\u0161\u00ed kamenn\u00e9 tv\u00e1\u0159e. Vy se nebudete sm\u00e1t. Jen usm\u00edvat. Proto\u017ee se budete styd\u011bt uk\u00e1zat svou pro\u0159\u00eddlou \u0159adu zub\u016f. Nevypad\u00e1 to toti\u017e dob\u0159e a Vy si toho jste pln\u011b v\u011bdomi. A to v\u0161echno jen kv\u016fli tomu, \u017ee m\u00e1te strach z n\u011b\u010deho, co nebol\u00ed? Ach jo.  Seberte se! I kdy\u017e se rad\u011bji budete sm\u00e1t na cel\u00e9 kolo i s d\u011brav\u00fdm \u00fasm\u011bvem, po\u010d\u00edtejte s t\u00edm, \u017ee budete p\u0159itahovat pohledy okol\u00ed ne proto, \u017ee jste n\u00e1padn\u011b vesel\u00ed a hlu\u010dn\u00ed, ale hlavn\u011b t\u00edm, jak podivn\u011b to m\u00e1te v t\u00e9 puse uspo\u0159\u00e1dan\u00e9! Mnoz\u00ed se budou podivovat, pro\u010d si nenech\u00e1te v Liberci p\u0159id\u011blat zubn\u00ed implant\u00e1ty. P\u00e1r korun vyd\u00e1te, ale \u017e\u00e1dn\u00e9 neciteln\u00e9 bolesti se v\u00e1\u017en\u011b nedo\u010dk\u00e1te. Nenastal pr\u00e1v\u011b te\u010f \u010das, abyste za\u010dali uva\u017eovat o z\u00e1kroku, kter\u00fd V\u00e1m vylep\u0161\u00ed nejen \u00fasm\u011bv, ale tak\u00e9 pozici obl\u00edben\u00e9ho sm\u00ed\u0161ka ve spole\u010dnosti? Kdy\u017e se sami rozumn\u011b zamysl\u00edte, potom i Vy mus\u00edte p\u0159ij\u00edt na to, \u017ee d\u011brav\u00fd \u00fasm\u011bv nen\u00ed nic p\u011bkn\u00e9ho. A \u017ee s libereck\u00fdm zubn\u00edm implant\u00e1tem nad\u011bl\u00e1te daleko v\u00edc p\u0159irozen\u00e9 par\u00e1dy. Tak u\u017e moc nep\u0159em\u00fd\u0161lejte a jd\u011bte si za sv\u00fdm c\u00edlem.                                                                                                                                                                                                                                                                                                                                                                                           4\/5 - (3 votes)        "},{"@context":"https:\/\/schema.org\/","@type":"BreadcrumbList","itemListElement":[{"@type":"ListItem","position":1,"name":"P\u0159ece byste necht\u011bli d\u011brav\u00fd \u00fasm\u011bv","item":"https:\/\/www.uspchrlice.cz\/prece-byste-nechteli-deravy-usmev\/#breadcrumbitem"}]}]